{"id":11962,"date":"2025-07-08T06:27:58","date_gmt":"2025-07-08T10:27:58","guid":{"rendered":"https:\/\/sportsdaily.news\/index.php\/2025\/07\/08\/uefa-dismisses-madrids-appeal-on-mbappe-fines-issued-to-rudiger\/"},"modified":"2025-07-08T06:27:58","modified_gmt":"2025-07-08T10:27:58","slug":"uefa-dismisses-madrids-appeal-on-mbappe-fines-issued-to-rudiger","status":"publish","type":"post","link":"https:\/\/sportsdaily.news\/index.php\/2025\/07\/08\/uefa-dismisses-madrids-appeal-on-mbappe-fines-issued-to-rudiger\/","title":{"rendered":"UEFA Dismisses Madrid&#8217;s Appeal on Mbapp\u00e9; Fines Issued to R\u00fcdiger"},"content":{"rendered":"<p>UEFA has turned down Real Madrid&#8217;s request to reverse the disciplinary actions imposed on Antonio R\u00fcdiger, Kylian Mbapp\u00e9, and Dani Ceballos for &quot;inappropriate conduct.&quot; R\u00fcdiger was fined \u20ac40,000, Mbapp\u00e9 \u20ac30,000, and Ceballos \u20ac20,000 following Madrid&#8217;s penalty shootout victory against Atl\u00e9tico on March 12.<\/p>\n<p>Both R\u00fcdiger and Mbapp\u00e9 received one-match suspensions, applicable only in cases of repeated offenses. The UEFA Appeals Body confirmed that there were no grounds to challenge the penalties established by its management, ethics, and disciplinary bodies on April 4. The investigation commenced after R\u00fcdiger was filmed making a throat-slitting gesture towards an Atl\u00e9tico fan, while Ceballos was found guilty of breaching core standards of respectable behavior during the match at Metropolitano Stadium.<\/p>\n<p><strong>Fan Take:<\/strong> This news is significant for soccer fans as it reinforces UEFA&#8217;s commitment to maintaining discipline and sportsmanship within the sport. Such decisions could help shape player behavior and influence how matches are officiated in the future, ultimately affecting the integrity of the game.<\/p>\n","protected":false},"excerpt":{"rendered":"<p>UEFA has turned down Real Madrid&#8217;s request to reverse the disciplinary actions imposed on Antonio R\u00fcdiger, Kylian Mbapp\u00e9, and Dani Ceballos for &quot;inappropriate conduct.&quot; R\u00fcdiger was fined \u20ac40,000, Mbapp\u00e9 \u20ac30,000, and Ceballos \u20ac20,000 following Madrid&#8217;s penalty shootout victory against Atl\u00e9tico on March 12. Both R\u00fcdiger and Mbapp\u00e9 received one-match suspensions, applicable only in cases of [&hellip;]<\/p>\n","protected":false},"author":1,"featured_media":11963,"comment_status":"open","ping_status":"closed","sticky":false,"template":"","format":"standard","meta":{"footnotes":""},"categories":[15],"tags":[3693,3692,3694,40,3695,453,1469,46,3696,45,981],"class_list":{"0":"post-11962","1":"post","2":"type-post","3":"status-publish","4":"format-standard","5":"has-post-thumbnail","7":"category-football","8":"tag-appeal","9":"tag-dismisses","10":"tag-fines","11":"tag-football","12":"tag-issued","13":"tag-madrids","14":"tag-mbappe","15":"tag-news","16":"tag-rudiger","17":"tag-soccer","18":"tag-uefa"},"_links":{"self":[{"href":"https:\/\/sportsdaily.news\/index.php\/wp-json\/wp\/v2\/posts\/11962","targetHints":{"allow":["GET"]}}],"collection":[{"href":"https:\/\/sportsdaily.news\/index.php\/wp-json\/wp\/v2\/posts"}],"about":[{"href":"https:\/\/sportsdaily.news\/index.php\/wp-json\/wp\/v2\/types\/post"}],"author":[{"embeddable":true,"href":"https:\/\/sportsdaily.news\/index.php\/wp-json\/wp\/v2\/users\/1"}],"replies":[{"embeddable":true,"href":"https:\/\/sportsdaily.news\/index.php\/wp-json\/wp\/v2\/comments?post=11962"}],"version-history":[{"count":0,"href":"https:\/\/sportsdaily.news\/index.php\/wp-json\/wp\/v2\/posts\/11962\/revisions"}],"wp:featuredmedia":[{"embeddable":true,"href":"https:\/\/sportsdaily.news\/index.php\/wp-json\/wp\/v2\/media\/11963"}],"wp:attachment":[{"href":"https:\/\/sportsdaily.news\/index.php\/wp-json\/wp\/v2\/media?parent=11962"}],"wp:term":[{"taxonomy":"category","embeddable":true,"href":"https:\/\/sportsdaily.news\/index.php\/wp-json\/wp\/v2\/categories?post=11962"},{"taxonomy":"post_tag","embeddable":true,"href":"https:\/\/sportsdaily.news\/index.php\/wp-json\/wp\/v2\/tags?post=11962"}],"curies":[{"name":"wp","href":"https:\/\/api.w.org\/{rel}","templated":true}]}}