{"id":13442,"date":"2025-07-13T23:01:55","date_gmt":"2025-07-14T03:01:55","guid":{"rendered":"https:\/\/sportsdaily.news\/index.php\/2025\/07\/13\/nuggets-acquire-center-jonas-vallanche-from-kings-despite-his-desire-to-play-overseas\/"},"modified":"2025-07-13T23:01:55","modified_gmt":"2025-07-14T03:01:55","slug":"nuggets-acquire-center-jonas-vallanche-from-kings-despite-his-desire-to-play-overseas","status":"publish","type":"post","link":"https:\/\/sportsdaily.news\/index.php\/2025\/07\/13\/nuggets-acquire-center-jonas-vallanche-from-kings-despite-his-desire-to-play-overseas\/","title":{"rendered":"Nuggets Acquire Center Jonas Vallanche from Kings, Despite His Desire to Play Overseas"},"content":{"rendered":"<p>Veteran center Jonas Valan\u010di\u016bnas has officially joined the Denver Nuggets following a trade with the Sacramento Kings involving Dario \u0160ari\u0107. Despite having two years left on his $20.3 million contract, Valan\u010di\u016bnas reportedly received an offer from Panathinaikos in Greece valued at $36 million over three years, close to his hometown. This move signals the Nuggets&#8217; intention to keep Valan\u010di\u016bnas on the roster.<\/p>\n<p>Last season, Valan\u010di\u016bnas appeared in 81 games for the Washington Wizards and Sacramento Kings, starting in 21, and averaged 10.4 points, 7.7 rebounds, and 2.0 assists per game. With Denver, he will serve as a backup behind three-time NBA MVP Nikola Joki\u0107. Although Valan\u010di\u016bnas might prefer a larger role overseas, this trade suggests he will continue his NBA career. <\/p>\n<p>The 33-year-old Lithuanian star is entering his 14th NBA season after beginning professionally with Euroleague&#8217;s Lietuvos Rytas in 2010-11. He has career averages of 13.1 points, 9.3 rebounds, and 1.4 assists across 937 games. His addition bolsters Denver&#8217;s bench depth as they strive for their second NBA championship in four years.<\/p>\n<p>Fan Take: This trade is significant because it adds a seasoned, reliable big man to an already strong Nuggets roster, potentially increasing their championship chances. Basketball fans should watch how Valan\u010di\u016bnas\u2019 presence impacts Denver\u2019s frontcourt dynamics and their pursuit of another NBA title.<\/p>\n","protected":false},"excerpt":{"rendered":"<p>Veteran center Jonas Valan\u010di\u016bnas has officially joined the Denver Nuggets following a trade with the Sacramento Kings involving Dario \u0160ari\u0107. Despite having two years left on his $20.3 million contract, Valan\u010di\u016bnas reportedly received an offer from Panathinaikos in Greece valued at $36 million over three years, close to his hometown. This move signals the Nuggets&#8217; [&hellip;]<\/p>\n","protected":false},"author":1,"featured_media":13443,"comment_status":"open","ping_status":"closed","sticky":false,"template":"","format":"standard","meta":{"footnotes":""},"categories":[14],"tags":[39],"class_list":{"0":"post-13442","1":"post","2":"type-post","3":"status-publish","4":"format-standard","5":"has-post-thumbnail","7":"category-basketball","8":"tag-basketball"},"_links":{"self":[{"href":"https:\/\/sportsdaily.news\/index.php\/wp-json\/wp\/v2\/posts\/13442","targetHints":{"allow":["GET"]}}],"collection":[{"href":"https:\/\/sportsdaily.news\/index.php\/wp-json\/wp\/v2\/posts"}],"about":[{"href":"https:\/\/sportsdaily.news\/index.php\/wp-json\/wp\/v2\/types\/post"}],"author":[{"embeddable":true,"href":"https:\/\/sportsdaily.news\/index.php\/wp-json\/wp\/v2\/users\/1"}],"replies":[{"embeddable":true,"href":"https:\/\/sportsdaily.news\/index.php\/wp-json\/wp\/v2\/comments?post=13442"}],"version-history":[{"count":0,"href":"https:\/\/sportsdaily.news\/index.php\/wp-json\/wp\/v2\/posts\/13442\/revisions"}],"wp:featuredmedia":[{"embeddable":true,"href":"https:\/\/sportsdaily.news\/index.php\/wp-json\/wp\/v2\/media\/13443"}],"wp:attachment":[{"href":"https:\/\/sportsdaily.news\/index.php\/wp-json\/wp\/v2\/media?parent=13442"}],"wp:term":[{"taxonomy":"category","embeddable":true,"href":"https:\/\/sportsdaily.news\/index.php\/wp-json\/wp\/v2\/categories?post=13442"},{"taxonomy":"post_tag","embeddable":true,"href":"https:\/\/sportsdaily.news\/index.php\/wp-json\/wp\/v2\/tags?post=13442"}],"curies":[{"name":"wp","href":"https:\/\/api.w.org\/{rel}","templated":true}]}}