{"id":14032,"date":"2025-07-16T05:47:28","date_gmt":"2025-07-16T09:47:28","guid":{"rendered":"https:\/\/sportsdaily.news\/index.php\/2025\/07\/16\/barcas-future-uncertain-as-ter-stegen-works-out-solo\/"},"modified":"2025-07-16T05:47:28","modified_gmt":"2025-07-16T09:47:28","slug":"barcas-future-uncertain-as-ter-stegen-works-out-solo","status":"publish","type":"post","link":"https:\/\/sportsdaily.news\/index.php\/2025\/07\/16\/barcas-future-uncertain-as-ter-stegen-works-out-solo\/","title":{"rendered":"Bar\u00e7a&#8217;s Future Uncertain as Ter Stegen Works Out Solo"},"content":{"rendered":"<div>\n<div class=\"article-meta\">\n<ul class=\"authors\">\n<li>\n<p>Sam Marsden<\/p>\n<\/li>\n<li>\n<p>Moises Llorens<\/p>\n<\/li>\n<\/ul>\n<p><span class=\"timestamp\">July 15th, 2025, 08:04 PM ET<\/span>\n<\/div>\n<p>Barcelona\u2019s goalkeeper, Marc-Andr\u00e9 ter Stegen, has been training individually since the team began preseason on Sunday, with ongoing questions surrounding his future at the club.<\/p>\n<p>After undergoing medical evaluations on Sunday, he did not participate with his teammates during Monday&#8217;s practice led by coach Hansi Flick, and the club reported that he was training alone in the gym.<\/p>\n<p>On Tuesday, he again did not join the squad for either training session, according to the club&#8217;s statement.<\/p>\n<p><strong>&#8211; Barcelona: Will Garc\u00eda replace Ter Stegen?<br \/>&#8211; Report: Spanish authorities looking into Yamal Party<\/strong><br \/><strong>-2025-26 LALIGA SCHEDULE: Key Matches and El Cl\u00e1sico Dates<\/strong><\/p>\n<p>Barcelona is set to travel to Asia next week for a preseason friendly against teams from Japan and South Korea, but it remains uncertain if Ter Stegen will be part of the traveling squad.<\/p>\n<p>At 33, Ter Stegen has been with Bar\u00e7a since 2014, establishing himself as the first-choice keeper in 2016 after Claudio Bravo&#8217;s transfer to Manchester City.<\/p>\n<p>However, his position has come under threat this summer following the acquisition of Joan Garc\u00eda from Espanyol for \u20ac25 million.<\/p>\n<p>Reports indicate that the club has suggested Ter Stegen consider leaving, but he has expressed a desire to remain.<\/p>\n<p>Despite this, the team hopes he may reconsider if it becomes apparent that he won&#8217;t be starting ahead of the next summer\u2019s World Cup, where he aims to be Germany&#8217;s first-choice goalkeeper.<\/p>\n<p>The plan for Barcelona is for Garc\u00eda to be supported by Wojciech Szcz\u0119sny, who recently signed a two-year extension with the club.<\/p>\n<p>Szcz\u0119sny joined Bar\u00e7a last summer while Ter Stegen was recovering from a significant knee injury that sidelined him towards the end of September.<\/p>\n<p>Ter Stegen made a few appearances as the season closed, but Szcz\u0119sny retained his position for crucial matches.<\/p>\n<p>Garc\u00eda and Szcz\u0119sny are participating in the training sessions this week along with I\u00f1aki Pe\u00f1a, who previously served as Ter Stegen&#8217;s backup but was replaced last season and is now looking for more consistent playing time.<\/p>\n<p>Sources have indicated that Pe\u00f1a is considering opportunities outside of Barcelona to find regular football.<\/p>\n<\/div>\n<p><strong>Fan Take:<\/strong> This situation is pivotal for soccer enthusiasts as it highlights the ongoing evolution of player dynamics at major clubs like Barcelona. Ter Stegen&#8217;s future directly impacts the performance and strategy of the team, making it crucial for fans to keep an eye on how this unfolds, especially ahead of significant international tournaments.<\/p>\n","protected":false},"excerpt":{"rendered":"<p>Sam Marsden Moises Llorens July 15th, 2025, 08:04 PM ET Barcelona\u2019s goalkeeper, Marc-Andr\u00e9 ter Stegen, has been training individually since the team began preseason on Sunday, with ongoing questions surrounding his future at the club. After undergoing medical evaluations on Sunday, he did not participate with his teammates during Monday&#8217;s practice led by coach Hansi [&hellip;]<\/p>\n","protected":false},"author":1,"featured_media":14033,"comment_status":"open","ping_status":"closed","sticky":false,"template":"","format":"standard","meta":{"footnotes":""},"categories":[15],"tags":[4254,40,1767,46,45,4258,4256,4255,2071,4257],"class_list":{"0":"post-14032","1":"post","2":"type-post","3":"status-publish","4":"format-standard","5":"has-post-thumbnail","7":"category-football","8":"tag-barcas","9":"tag-football","10":"tag-future","11":"tag-news","12":"tag-soccer","13":"tag-solo","14":"tag-stegen","15":"tag-ter","16":"tag-uncertain","17":"tag-works"},"_links":{"self":[{"href":"https:\/\/sportsdaily.news\/index.php\/wp-json\/wp\/v2\/posts\/14032","targetHints":{"allow":["GET"]}}],"collection":[{"href":"https:\/\/sportsdaily.news\/index.php\/wp-json\/wp\/v2\/posts"}],"about":[{"href":"https:\/\/sportsdaily.news\/index.php\/wp-json\/wp\/v2\/types\/post"}],"author":[{"embeddable":true,"href":"https:\/\/sportsdaily.news\/index.php\/wp-json\/wp\/v2\/users\/1"}],"replies":[{"embeddable":true,"href":"https:\/\/sportsdaily.news\/index.php\/wp-json\/wp\/v2\/comments?post=14032"}],"version-history":[{"count":0,"href":"https:\/\/sportsdaily.news\/index.php\/wp-json\/wp\/v2\/posts\/14032\/revisions"}],"wp:featuredmedia":[{"embeddable":true,"href":"https:\/\/sportsdaily.news\/index.php\/wp-json\/wp\/v2\/media\/14033"}],"wp:attachment":[{"href":"https:\/\/sportsdaily.news\/index.php\/wp-json\/wp\/v2\/media?parent=14032"}],"wp:term":[{"taxonomy":"category","embeddable":true,"href":"https:\/\/sportsdaily.news\/index.php\/wp-json\/wp\/v2\/categories?post=14032"},{"taxonomy":"post_tag","embeddable":true,"href":"https:\/\/sportsdaily.news\/index.php\/wp-json\/wp\/v2\/tags?post=14032"}],"curies":[{"name":"wp","href":"https:\/\/api.w.org\/{rel}","templated":true}]}}