{"id":15753,"date":"2025-07-23T11:18:14","date_gmt":"2025-07-23T15:18:14","guid":{"rendered":"https:\/\/sportsdaily.news\/index.php\/2025\/07\/23\/vinicius-junior-celebrates-25th-birthday-with-a-custom-themed-amusement-park-bash\/"},"modified":"2025-07-23T11:18:14","modified_gmt":"2025-07-23T15:18:14","slug":"vinicius-junior-celebrates-25th-birthday-with-a-custom-themed-amusement-park-bash","status":"publish","type":"post","link":"https:\/\/sportsdaily.news\/index.php\/2025\/07\/23\/vinicius-junior-celebrates-25th-birthday-with-a-custom-themed-amusement-park-bash\/","title":{"rendered":"Vin\u00edcius J\u00fanior Celebrates 25th Birthday with a Custom-Themed Amusement Park Bash!"},"content":{"rendered":"<div>\n<aside class=\"inline inline-photo full\">\n<figure><picture><source data-srcset=\"https:\/\/a3.espncdn.com\/combiner\/i?img=%2Fphoto%2F2025%2F0723%2Fr1522500_1080x608_16%2D9.jpg&amp;w=570&amp;format=jpg, https:\/\/a3.espncdn.com\/combiner\/i?img=%2Fphoto%2F2025%2F0723%2Fr1522500_1080x608_16%2D9.jpg&amp;w=1140&amp;cquality=40&amp;format=jpg 2x\" media=\"(min-width: 376px)\"><source data-srcset=\"https:\/\/a3.espncdn.com\/combiner\/i?img=%2Fphoto%2F2025%2F0723%2Fr1522500_1080x608_16%2D9.jpg&amp;w=375, https:\/\/a3.espncdn.com\/combiner\/i?img=%2Fphoto%2F2025%2F0723%2Fr1522500_1080x608_16%2D9.jpg&amp;w=750&amp;cquality=40&amp;format=jpg 2x\" media=\"(max-width: 375px)\"><img fetchpriority=\"high\" class=\"lazyload lazyload\" data-image-container=\".inline-photo\" height=\"320\" width=\"570\"><\/source><\/source><\/picture><figcaption class=\"photoCaption\">Vin\u00edcius J\u00fanior celebrated his 25th birthday with a fairground-themed party, transforming a part of Rio de Janeiro into &#8220;Vini World.&#8221; <cite>Instagram @vinijr<\/cite><\/figcaption><\/figure>\n<\/aside>\n<p>The star player for Real Madrid, Vin\u00edcius J\u00fanior, turned 25 this week, celebrating in style by creating his own theme park in Rio de Janeiro for a few nights.<\/p>\n<p>With the help of Brazil International, who organized the extravagant event, he turned the exclusive Vargem Pequena neighborhood into &#8220;Vini World,&#8221; featuring live performances, amusement rides, samba shows, and a variety of international culinary delights, alongside a gigantic replica of his head.<\/p>\n<p>After Real Madrid&#8217;s exit in the semi-finals of the FIFA Club World Cup, Vin\u00edcius made a quick return to Brazil to wrap up the final details for his lavish celebration just a few days post his actual birthday on July 12th.<\/p>\n<aside class=\"inline inline-photo full\">\n<figure><picture><source data-srcset=\"https:\/\/a.espncdn.com\/combiner\/i?img=%2Fphoto%2F2025%2F0723%2Fr1522499_1080x608_16%2D9.jpg&amp;w=570&amp;format=jpg, https:\/\/a.espncdn.com\/combiner\/i?img=%2Fphoto%2F2025%2F0723%2Fr1522499_1080x608_16%2D9.jpg&amp;w=1140&amp;cquality=40&amp;format=jpg 2x\" media=\"(min-width: 376px)\"><source data-srcset=\"https:\/\/a.espncdn.com\/combiner\/i?img=%2Fphoto%2F2025%2F0723%2Fr1522499_1080x608_16%2D9.jpg&amp;w=375, https:\/\/a.espncdn.com\/combiner\/i?img=%2Fphoto%2F2025%2F0723%2Fr1522499_1080x608_16%2D9.jpg&amp;w=750&amp;cquality=40&amp;format=jpg 2x\" media=\"(max-width: 375px)\"><img fetchpriority=\"high\" class=\"lazyload lazyload\" data-image-container=\".inline-photo\" height=\"320\" width=\"570\"><\/source><\/source><\/picture><figcaption class=\"photoCaption\"><cite>Instagram @vinijr<\/cite><\/figcaption><\/figure>\n<\/aside>\n<p>The high production value of the event turned Rajedalina into a massive party venue, complete with intricate decorations, themed sections, live stages, and custom neon signs that displayed Vin\u00edcius&#8217; nickname, &#8220;Big 7.&#8221;<\/p>\n<p>As guests entered, they were greeted by a large banner stating &#8220;25 Years of Bailavini JR,&#8221; leading into a spacious area filled with vibrant lights, music, and a host of entertainment options, including food stalls, DJs, pirate ship displays, and carnival rides.<\/p>\n<aside class=\"inline inline-photo full\">\n<figure><picture><source data-srcset=\"https:\/\/a2.espncdn.com\/combiner\/i?img=%2Fphoto%2F2025%2F0723%2Fr1522496_1080x608_16%2D9.jpg&amp;w=570&amp;format=jpg, https:\/\/a2.espncdn.com\/combiner\/i?img=%2Fphoto%2F2025%2F0723%2Fr1522496_1080x608_16%2D9.jpg&amp;w=1140&amp;cquality=40&amp;format=jpg 2x\" media=\"(min-width: 376px)\"><source data-srcset=\"https:\/\/a2.espncdn.com\/combiner\/i?img=%2Fphoto%2F2025%2F0723%2Fr1522496_1080x608_16%2D9.jpg&amp;w=375, https:\/\/a2.espncdn.com\/combiner\/i?img=%2Fphoto%2F2025%2F0723%2Fr1522496_1080x608_16%2D9.jpg&amp;w=750&amp;cquality=40&amp;format=jpg 2x\" media=\"(max-width: 375px)\"><img fetchpriority=\"high\" class=\"lazyload lazyload\" data-image-container=\".inline-photo\" height=\"320\" width=\"570\"><\/source><\/source><\/picture><figcaption class=\"photoCaption\"><cite>Instagram @vinijr<\/cite><\/figcaption><\/figure>\n<\/aside>\n<p>The guest list featured rapper Travis Scott and included many family members and friends, as well as Vin\u00edcius&#8217; Real Madrid teammates, Eduardo Camavinga and \u00c9der Milit\u00e3o, who joined him on stage during the event.<\/p>\n<p>Photos shared on Vin\u00edcius&#8217; Instagram revealed that guests received custom t-shirts in various colors with unique branding.<\/p>\n<aside class=\"inline inline-photo full\">\n<figure><picture><source data-srcset=\"https:\/\/a4.espncdn.com\/combiner\/i?img=%2Fphoto%2F2025%2F0723%2Fr1522494_993x559_16%2D9.jpg&amp;w=570&amp;format=jpg, https:\/\/a4.espncdn.com\/combiner\/i?img=%2Fphoto%2F2025%2F0723%2Fr1522494_993x559_16%2D9.jpg&amp;w=1140&amp;cquality=40&amp;format=jpg 2x\" media=\"(min-width: 376px)\"><source data-srcset=\"https:\/\/a4.espncdn.com\/combiner\/i?img=%2Fphoto%2F2025%2F0723%2Fr1522494_993x559_16%2D9.jpg&amp;w=375, https:\/\/a4.espncdn.com\/combiner\/i?img=%2Fphoto%2F2025%2F0723%2Fr1522494_993x559_16%2D9.jpg&amp;w=750&amp;cquality=40&amp;format=jpg 2x\" media=\"(max-width: 375px)\"><img fetchpriority=\"high\" class=\"lazyload lazyload\" data-image-container=\".inline-photo\" height=\"320\" width=\"570\"><\/source><\/source><\/picture><figcaption class=\"photoCaption\"><cite>Instagram @vinijr<\/cite><\/figcaption><\/figure>\n<\/aside>\n<p>A standout feature of the elaborate birthday party was a gigantic bust of Vin\u00edcius himself, split into two halves and positioned near the stage for the live performances.<\/p>\n<p>This impressive decoration was inspired by a similarly grand statue created for Travis Scott\u2019s Astro World Festival and was illuminated with dazzling blue, purple, and red lights, highlighting Vin\u00edcius\u2019 signature look, complete with shaved eyebrows and golden earrings. His &#8220;Big 7&#8221; logo was also featured prominently on the bust\u2019s pedestal.<\/p>\n<p>The celebration didn\u2019t stop at just one birthday cake! <\/p>\n<\/div>\n<p><script async src=\"\/\/www.instagram.com\/embed.js\"><\/script><\/p>\n<p>Editorial Opinion: Vin\u00edcius J\u00fanior&#8217;s extravagant birthday celebration highlights the intersection of sports and entertainment, showcasing how modern athletes can leverage their influence to create memorable experiences. For soccer fans, this not only boosts their idol\u2019s profile but also solidifies the cultural significance of soccer stars in broader society.<\/p>\n","protected":false},"excerpt":{"rendered":"<p>Vin\u00edcius J\u00fanior celebrated his 25th birthday with a fairground-themed party, transforming a part of Rio de Janeiro into &#8220;Vini World.&#8221; Instagram @vinijr The star player for Real Madrid, Vin\u00edcius J\u00fanior, turned 25 this week, celebrating in style by creating his own theme park in Rio de Janeiro for a few nights. With the help of [&hellip;]<\/p>\n","protected":false},"author":1,"featured_media":15754,"comment_status":"open","ping_status":"closed","sticky":false,"template":"","format":"standard","meta":{"footnotes":""},"categories":[15],"tags":[2966,4660,4661,425,423,4659,40,4020,46,664,45,2018],"class_list":{"0":"post-15753","1":"post","2":"type-post","3":"status-publish","4":"format-standard","5":"has-post-thumbnail","7":"category-football","8":"tag-25th","9":"tag-amusement","10":"tag-bash","11":"tag-birthday","12":"tag-celebrates","13":"tag-customthemed","14":"tag-football","15":"tag-junior","16":"tag-news","17":"tag-park","18":"tag-soccer","19":"tag-vinicius"},"_links":{"self":[{"href":"https:\/\/sportsdaily.news\/index.php\/wp-json\/wp\/v2\/posts\/15753","targetHints":{"allow":["GET"]}}],"collection":[{"href":"https:\/\/sportsdaily.news\/index.php\/wp-json\/wp\/v2\/posts"}],"about":[{"href":"https:\/\/sportsdaily.news\/index.php\/wp-json\/wp\/v2\/types\/post"}],"author":[{"embeddable":true,"href":"https:\/\/sportsdaily.news\/index.php\/wp-json\/wp\/v2\/users\/1"}],"replies":[{"embeddable":true,"href":"https:\/\/sportsdaily.news\/index.php\/wp-json\/wp\/v2\/comments?post=15753"}],"version-history":[{"count":0,"href":"https:\/\/sportsdaily.news\/index.php\/wp-json\/wp\/v2\/posts\/15753\/revisions"}],"wp:featuredmedia":[{"embeddable":true,"href":"https:\/\/sportsdaily.news\/index.php\/wp-json\/wp\/v2\/media\/15754"}],"wp:attachment":[{"href":"https:\/\/sportsdaily.news\/index.php\/wp-json\/wp\/v2\/media?parent=15753"}],"wp:term":[{"taxonomy":"category","embeddable":true,"href":"https:\/\/sportsdaily.news\/index.php\/wp-json\/wp\/v2\/categories?post=15753"},{"taxonomy":"post_tag","embeddable":true,"href":"https:\/\/sportsdaily.news\/index.php\/wp-json\/wp\/v2\/tags?post=15753"}],"curies":[{"name":"wp","href":"https:\/\/api.w.org\/{rel}","templated":true}]}}